[{"@context":"https:\/\/schema.org\/","@type":"Blog","@id":"https:\/\/www.sbfas.cz#Blog","headline":"Sbfas","description":"\nWeby nab\u00edzej\u00ed na internetu r\u016fzn\u00fdm lidem r\u016fzn\u00e9 z\u00e1le\u017eitosti. A tento web se sna\u017e\u00ed b\u00fdt lidem dobr\u00fdm nebo je\u0161t\u011b l\u00e9pe p\u0159\u00edmo neoceniteln\u00fdm pomocn\u00edkem.","url":"https:\/\/www.sbfas.cz","hasPart":[{"@type":"Article","@id":"https:\/\/www.sbfas.cz\/psi-a-jejich-stekani\/","headline":"Psi a jejich \u0161t\u011bk\u00e1n\u00ed","url":"https:\/\/www.sbfas.cz\/psi-a-jejich-stekani\/","datePublished":"2024-01-02","dateModified":"2024-01-02","mainEntityOfPage":"https:\/\/www.sbfas.cz\/psi-a-jejich-stekani\/","author":{"@type":"Person","@id":"https:\/\/www.sbfas.cz\/author\/#Person","name":"","url":"https:\/\/www.sbfas.cz\/author\/","identifier":1,"image":{"@type":"ImageObject","@id":"https:\/\/secure.gravatar.com\/avatar\/34ced1804fd555c2760b3a913ad8d5a4b855e207e462786ab4875bf17a1c516e?s=96&d=mm&r=g","url":"https:\/\/secure.gravatar.com\/avatar\/34ced1804fd555c2760b3a913ad8d5a4b855e207e462786ab4875bf17a1c516e?s=96&d=mm&r=g","height":96,"width":96}},"publisher":{"@type":"Organization","name":"sbfas.cz","logo":{"@type":"ImageObject","@id":"\/logo.png","url":"\/logo.png","width":600,"height":60}},"image":{"@type":"ImageObject","@id":"https:\/\/www.sbfas.cz\/wp-content\/uploads\/girls-5801275_640_1.jpg","url":"https:\/\/www.sbfas.cz\/wp-content\/uploads\/girls-5801275_640_1.jpg","height":0,"width":0},"wordCount":626,"keywords":null},{"@type":"Article","@id":"https:\/\/www.sbfas.cz\/deti-a-kamaradka\/","headline":"D\u011bti a kamar\u00e1dka","url":"https:\/\/www.sbfas.cz\/deti-a-kamaradka\/","datePublished":"2023-12-31","dateModified":"2023-12-31","mainEntityOfPage":"https:\/\/www.sbfas.cz\/deti-a-kamaradka\/","author":{"@type":"Person","@id":"https:\/\/www.sbfas.cz\/author\/#Person","name":"","url":"https:\/\/www.sbfas.cz\/author\/","identifier":1,"image":{"@type":"ImageObject","@id":"https:\/\/secure.gravatar.com\/avatar\/34ced1804fd555c2760b3a913ad8d5a4b855e207e462786ab4875bf17a1c516e?s=96&d=mm&r=g","url":"https:\/\/secure.gravatar.com\/avatar\/34ced1804fd555c2760b3a913ad8d5a4b855e207e462786ab4875bf17a1c516e?s=96&d=mm&r=g","height":96,"width":96}},"publisher":{"@type":"Organization","name":"sbfas.cz","logo":{"@type":"ImageObject","@id":"\/logo.png","url":"\/logo.png","width":600,"height":60}},"image":{"@type":"ImageObject","@id":"https:\/\/www.sbfas.cz\/wp-content\/uploads\/boy-3617648_960_720.jpg","url":"https:\/\/www.sbfas.cz\/wp-content\/uploads\/boy-3617648_960_720.jpg","height":0,"width":0},"wordCount":585,"keywords":null},{"@type":"Article","@id":"https:\/\/www.sbfas.cz\/pravy-rooibos-a-jeho-ucinky-na-nase-zdravi\/","headline":"Prav\u00fd rooibos a jeho \u00fa\u010dinky na na\u0161e zdrav\u00ed","url":"https:\/\/www.sbfas.cz\/pravy-rooibos-a-jeho-ucinky-na-nase-zdravi\/","datePublished":"2023-12-20","dateModified":"2023-12-20","mainEntityOfPage":"https:\/\/www.sbfas.cz\/pravy-rooibos-a-jeho-ucinky-na-nase-zdravi\/","author":{"@type":"Person","@id":"https:\/\/www.sbfas.cz\/author\/#Person","name":"","url":"https:\/\/www.sbfas.cz\/author\/","identifier":1,"image":{"@type":"ImageObject","@id":"https:\/\/secure.gravatar.com\/avatar\/34ced1804fd555c2760b3a913ad8d5a4b855e207e462786ab4875bf17a1c516e?s=96&d=mm&r=g","url":"https:\/\/secure.gravatar.com\/avatar\/34ced1804fd555c2760b3a913ad8d5a4b855e207e462786ab4875bf17a1c516e?s=96&d=mm&r=g","height":96,"width":96}},"publisher":{"@type":"Organization","name":"sbfas.cz","logo":{"@type":"ImageObject","@id":"\/logo.png","url":"\/logo.png","width":600,"height":60}},"image":null,"wordCount":278,"keywords":null},{"@type":"Article","@id":"https:\/\/www.sbfas.cz\/z-ceskych-budejovic-proti-proudu-vltavy\/","headline":"Z \u010cesk\u00fdch Bud\u011bjovic proti proudu Vltavy","url":"https:\/\/www.sbfas.cz\/z-ceskych-budejovic-proti-proudu-vltavy\/","datePublished":"2023-12-16","dateModified":"2023-12-16","mainEntityOfPage":"https:\/\/www.sbfas.cz\/z-ceskych-budejovic-proti-proudu-vltavy\/","author":{"@type":"Person","@id":"https:\/\/www.sbfas.cz\/author\/#Person","name":"","url":"https:\/\/www.sbfas.cz\/author\/","identifier":1,"image":{"@type":"ImageObject","@id":"https:\/\/secure.gravatar.com\/avatar\/34ced1804fd555c2760b3a913ad8d5a4b855e207e462786ab4875bf17a1c516e?s=96&d=mm&r=g","url":"https:\/\/secure.gravatar.com\/avatar\/34ced1804fd555c2760b3a913ad8d5a4b855e207e462786ab4875bf17a1c516e?s=96&d=mm&r=g","height":96,"width":96}},"publisher":{"@type":"Organization","name":"sbfas.cz","logo":{"@type":"ImageObject","@id":"\/logo.png","url":"\/logo.png","width":600,"height":60}},"image":{"@type":"ImageObject","@id":"https:\/\/www.sbfas.cz\/wp-content\/uploads\/moldova-8074815_640_1.jpg","url":"https:\/\/www.sbfas.cz\/wp-content\/uploads\/moldova-8074815_640_1.jpg","height":0,"width":0},"wordCount":545,"keywords":null},{"@type":"Article","@id":"https:\/\/www.sbfas.cz\/otec-mych-deti\/","headline":"Otec m\u00fdch d\u011bt\u00ed","url":"https:\/\/www.sbfas.cz\/otec-mych-deti\/","datePublished":"2023-12-08","dateModified":"2023-12-08","mainEntityOfPage":"https:\/\/www.sbfas.cz\/otec-mych-deti\/","author":{"@type":"Person","@id":"https:\/\/www.sbfas.cz\/author\/#Person","name":"","url":"https:\/\/www.sbfas.cz\/author\/","identifier":1,"image":{"@type":"ImageObject","@id":"https:\/\/secure.gravatar.com\/avatar\/34ced1804fd555c2760b3a913ad8d5a4b855e207e462786ab4875bf17a1c516e?s=96&d=mm&r=g","url":"https:\/\/secure.gravatar.com\/avatar\/34ced1804fd555c2760b3a913ad8d5a4b855e207e462786ab4875bf17a1c516e?s=96&d=mm&r=g","height":96,"width":96}},"publisher":{"@type":"Organization","name":"sbfas.cz","logo":{"@type":"ImageObject","@id":"\/logo.png","url":"\/logo.png","width":600,"height":60}},"image":{"@type":"ImageObject","@id":"https:\/\/www.sbfas.cz\/wp-content\/uploads\/bazen6_10_10_10_10_10_10_10_10_6.jpg","url":"https:\/\/www.sbfas.cz\/wp-content\/uploads\/bazen6_10_10_10_10_10_10_10_10_6.jpg","height":0,"width":0},"wordCount":566,"keywords":null},{"@type":"Article","@id":"https:\/\/www.sbfas.cz\/chopper-jako-dokonale-obleceni-pro-vsechny\/","headline":"Chopper jako dokonal\u00e9 oble\u010den\u00ed pro v\u0161echny","url":"https:\/\/www.sbfas.cz\/chopper-jako-dokonale-obleceni-pro-vsechny\/","datePublished":"2023-11-12","dateModified":"2023-11-12","mainEntityOfPage":"https:\/\/www.sbfas.cz\/chopper-jako-dokonale-obleceni-pro-vsechny\/","author":{"@type":"Person","@id":"https:\/\/www.sbfas.cz\/author\/#Person","name":"","url":"https:\/\/www.sbfas.cz\/author\/","identifier":1,"image":{"@type":"ImageObject","@id":"https:\/\/secure.gravatar.com\/avatar\/34ced1804fd555c2760b3a913ad8d5a4b855e207e462786ab4875bf17a1c516e?s=96&d=mm&r=g","url":"https:\/\/secure.gravatar.com\/avatar\/34ced1804fd555c2760b3a913ad8d5a4b855e207e462786ab4875bf17a1c516e?s=96&d=mm&r=g","height":96,"width":96}},"publisher":{"@type":"Organization","name":"sbfas.cz","logo":{"@type":"ImageObject","@id":"\/logo.png","url":"\/logo.png","width":600,"height":60}},"image":null,"wordCount":297,"keywords":null},{"@type":"Article","@id":"https:\/\/www.sbfas.cz\/s-led-zarovkami-dosahnete-vetsich-uspor\/","headline":"S LED \u017e\u00e1rovkami dos\u00e1hnete v\u011bt\u0161\u00edch \u00faspor","url":"https:\/\/www.sbfas.cz\/s-led-zarovkami-dosahnete-vetsich-uspor\/","datePublished":"2023-10-09","dateModified":"2023-10-09","mainEntityOfPage":"https:\/\/www.sbfas.cz\/s-led-zarovkami-dosahnete-vetsich-uspor\/","author":{"@type":"Person","@id":"https:\/\/www.sbfas.cz\/author\/#Person","name":"","url":"https:\/\/www.sbfas.cz\/author\/","identifier":1,"image":{"@type":"ImageObject","@id":"https:\/\/secure.gravatar.com\/avatar\/34ced1804fd555c2760b3a913ad8d5a4b855e207e462786ab4875bf17a1c516e?s=96&d=mm&r=g","url":"https:\/\/secure.gravatar.com\/avatar\/34ced1804fd555c2760b3a913ad8d5a4b855e207e462786ab4875bf17a1c516e?s=96&d=mm&r=g","height":96,"width":96}},"publisher":{"@type":"Organization","name":"sbfas.cz","logo":{"@type":"ImageObject","@id":"\/logo.png","url":"\/logo.png","width":600,"height":60}},"image":null,"wordCount":274,"keywords":null},{"@type":"Article","@id":"https:\/\/www.sbfas.cz\/dum-ktery-si-preji\/","headline":"D\u016fm kter\u00fd si p\u0159eji","url":"https:\/\/www.sbfas.cz\/dum-ktery-si-preji\/","datePublished":"2023-09-28","dateModified":"2023-09-28","mainEntityOfPage":"https:\/\/www.sbfas.cz\/dum-ktery-si-preji\/","author":{"@type":"Person","@id":"https:\/\/www.sbfas.cz\/author\/#Person","name":"","url":"https:\/\/www.sbfas.cz\/author\/","identifier":1,"image":{"@type":"ImageObject","@id":"https:\/\/secure.gravatar.com\/avatar\/34ced1804fd555c2760b3a913ad8d5a4b855e207e462786ab4875bf17a1c516e?s=96&d=mm&r=g","url":"https:\/\/secure.gravatar.com\/avatar\/34ced1804fd555c2760b3a913ad8d5a4b855e207e462786ab4875bf17a1c516e?s=96&d=mm&r=g","height":96,"width":96}},"publisher":{"@type":"Organization","name":"sbfas.cz","logo":{"@type":"ImageObject","@id":"\/logo.png","url":"\/logo.png","width":600,"height":60}},"image":{"@type":"ImageObject","@id":"https:\/\/www.sbfas.cz\/wp-content\/uploads\/house-1836070_1280%20(1).jpg","url":"https:\/\/www.sbfas.cz\/wp-content\/uploads\/house-1836070_1280%20(1).jpg","height":0,"width":0},"wordCount":569,"keywords":null},{"@type":"Article","@id":"https:\/\/www.sbfas.cz\/luxus-v-podobe-kvalitniho-tisknuti\/","headline":"Luxus v podob\u011b kvalitn\u00edho tisknut\u00ed","url":"https:\/\/www.sbfas.cz\/luxus-v-podobe-kvalitniho-tisknuti\/","datePublished":"2023-09-03","dateModified":"2023-09-03","mainEntityOfPage":"https:\/\/www.sbfas.cz\/luxus-v-podobe-kvalitniho-tisknuti\/","author":{"@type":"Person","@id":"https:\/\/www.sbfas.cz\/author\/#Person","name":"","url":"https:\/\/www.sbfas.cz\/author\/","identifier":1,"image":{"@type":"ImageObject","@id":"https:\/\/secure.gravatar.com\/avatar\/34ced1804fd555c2760b3a913ad8d5a4b855e207e462786ab4875bf17a1c516e?s=96&d=mm&r=g","url":"https:\/\/secure.gravatar.com\/avatar\/34ced1804fd555c2760b3a913ad8d5a4b855e207e462786ab4875bf17a1c516e?s=96&d=mm&r=g","height":96,"width":96}},"publisher":{"@type":"Organization","name":"sbfas.cz","logo":{"@type":"ImageObject","@id":"\/logo.png","url":"\/logo.png","width":600,"height":60}},"image":null,"wordCount":264,"keywords":null},{"@type":"Article","@id":"https:\/\/www.sbfas.cz\/pro-krasu-nevesty\/","headline":"Pro kr\u00e1su nev\u011bsty","url":"https:\/\/www.sbfas.cz\/pro-krasu-nevesty\/","datePublished":"2023-07-26","dateModified":"2023-07-26","mainEntityOfPage":"https:\/\/www.sbfas.cz\/pro-krasu-nevesty\/","author":{"@type":"Person","@id":"https:\/\/www.sbfas.cz\/author\/#Person","name":"","url":"https:\/\/www.sbfas.cz\/author\/","identifier":1,"image":{"@type":"ImageObject","@id":"https:\/\/secure.gravatar.com\/avatar\/34ced1804fd555c2760b3a913ad8d5a4b855e207e462786ab4875bf17a1c516e?s=96&d=mm&r=g","url":"https:\/\/secure.gravatar.com\/avatar\/34ced1804fd555c2760b3a913ad8d5a4b855e207e462786ab4875bf17a1c516e?s=96&d=mm&r=g","height":96,"width":96}},"publisher":{"@type":"Organization","name":"sbfas.cz","logo":{"@type":"ImageObject","@id":"\/logo.png","url":"\/logo.png","width":600,"height":60}},"image":null,"wordCount":307,"keywords":null}]},{"@context":"https:\/\/schema.org","@type":"WebSite","@id":"https:\/\/www.sbfas.cz\/#website","name":"Sbfas","url":"https:\/\/www.sbfas.cz","potentialAction":{"@type":"SearchAction","target":"https:\/\/www.sbfas.cz\/?s={search_term_string}","query-input":"required name=search_term_string"}}]