[{"@context":"https:\/\/schema.org\/","@type":"Article","@id":"https:\/\/www.sbfas.cz\/deti-a-kamaradka\/#Article","mainEntityOfPage":"https:\/\/www.sbfas.cz\/deti-a-kamaradka\/","headline":"D\u011bti a kamar\u00e1dka","name":"D\u011bti a kamar\u00e1dka","description":"J\u00e1 si vzpom\u00edn\u00e1m, kdy\u017e za mnou jednoho\u00a0dne p\u0159i\u0161la moje kamar\u00e1dka a opravdu hodn\u011b bre\u010dela. V\u016fbec jsem nev\u011bd\u011bla, co se stalo. P\u0159izn\u00e1m se,<p class=\"link-more\"><a class=\"myButt \" href=\"https:\/\/www.sbfas.cz\/deti-a-kamaradka\/\">Read More<\/a><\/p>","datePublished":"2023-12-31","dateModified":"2023-12-31","author":{"@type":"Person","@id":"https:\/\/www.sbfas.cz\/author\/#Person","name":"","url":"https:\/\/www.sbfas.cz\/author\/","identifier":1,"image":{"@type":"ImageObject","@id":"https:\/\/secure.gravatar.com\/avatar\/34ced1804fd555c2760b3a913ad8d5a4b855e207e462786ab4875bf17a1c516e?s=96&d=mm&r=g","url":"https:\/\/secure.gravatar.com\/avatar\/34ced1804fd555c2760b3a913ad8d5a4b855e207e462786ab4875bf17a1c516e?s=96&d=mm&r=g","height":96,"width":96}},"publisher":{"@type":"Organization","name":"sbfas.cz","logo":{"@type":"ImageObject","@id":"\/logo.png","url":"\/logo.png","width":600,"height":60}},"image":{"@type":"ImageObject","@id":"https:\/\/www.sbfas.cz\/wp-content\/uploads\/boy-3617648_960_720.jpg","url":"https:\/\/www.sbfas.cz\/wp-content\/uploads\/boy-3617648_960_720.jpg","height":0,"width":0},"url":"https:\/\/www.sbfas.cz\/deti-a-kamaradka\/","about":["D\u011bti"],"wordCount":482,"articleBody":"J\u00e1 si vzpom\u00edn\u00e1m, kdy\u017e za mnou jednoho\u00a0dne p\u0159i\u0161la moje kamar\u00e1dka a opravdu hodn\u011b bre\u010dela. V\u016fbec jsem nev\u011bd\u011bla, co se stalo. P\u0159izn\u00e1m se, \u017ee jsem m\u011bla strach, co se stalo a v\u016fbec jsem nebyla v obraze. Moje kamar\u00e1dka mi \u0159ekla, \u017ee byla u\u017e u l\u00e9ka\u0159e, byla u\u017e u druh\u00e9ho l\u00e9ka\u0159e, a to kv\u016fli tomu, \u017ee nem\u016f\u017ee ot\u011bhotn\u011bt.\u00a0V\u016fbec jsem nev\u011bd\u011bla, \u017ee moje kamar\u00e1dka chod\u00ed k l\u00e9ka\u0159i, tak jsem se kamar\u00e1dky zeptala, jestli je to opravdu\u00a0v\u00e1\u017en\u00e9, jestli n\u011bjak v\u00e1\u017en\u011b nemocn\u00e1. Moje kamar\u00e1dka mi \u0159\u00edkala, \u017ee ona nen\u00ed\u00a0v\u00e1\u017en\u011b nemocn\u00e1, \u017ee by to ohro\u017eovalo \u017eivot, ale l\u00e9ka\u0159i j\u00ed \u0159ekli u\u017e podruh\u00e9, \u017ee nebude moct m\u00edt d\u011bti. A\u00a0to pro moji kamar\u00e1dku bylo opravdu devastuj\u00edc\u00ed. Bylo to pro ni hrozn\u00e9, proto\u017ee u\u017e kv\u016fli tomu se s n\u00ed roze\u0161el jeden\u00a0partner, do kter\u00e9ho byla opravdu hodn\u011b zamilovan\u00e1. A moje kamar\u00e1dka tohle sn\u00e1\u0161ela opravdu velice t\u011b\u017ece. Nyn\u00ed, kdy\u017e m\u00e1 druh\u00e9ho\u00a0partnera, tak ona mu vlastn\u011b v\u016fbec ne\u0159ekla, \u017ee nem\u016f\u017ee ot\u011bhotn\u011bt. S\u00a0nov\u00fdm partnerem jsou spolu \u0161est\u00a0let, jej\u00ed partner u\u017e posledn\u00ed dva\u00a0roky po\u017eaduje, aby m\u011bli spolu d\u00edt\u011b. A moje kamar\u00e1dka u\u017e posledn\u00edch stejn\u011b \u0161est\u00a0let by si p\u0159\u00e1la m\u00edt d\u00edt\u011b tak\u00e9. Cht\u011bla ho u\u017e\u00a0se sv\u00fdm b\u00fdval\u00fdm partnerem, ale bohu\u017eel se tohle nepovedlo, a tak kamar\u00e1dka je\u0161t\u011b jednou\u00a0zkusila l\u00e9ka\u0159e, aby j\u00ed po\u0159\u00e1dn\u011b vy\u0161et\u0159ili. A\u00a0bohu\u017eel i napodruh\u00e9\u00a0j\u00ed \u0159ekli, \u017ee bohu\u017eel neot\u011bhotn\u00ed. Moje kamar\u00e1dka z toho byla opravdu mimo, v\u016fbec nev\u011bd\u011bla, co m\u00e1 d\u011blat. Tak\u00e9\u00a0nev\u011bd\u011bla, jak to m\u00e1 \u0159\u00edct sv\u00e9mu partnerovi, \u017ee ona nebude m\u00edt nikdy d\u011bti. A vlastn\u011b, i kdy\u017e on s n\u00ed partner z\u016fstane, tak oni dva nebudou m\u00edt spolu d\u011bti. Jej\u00ed partner nebude m\u00edt nikdy vlastn\u00ed d\u011bti. Moje kamar\u00e1dka z toho byla opravdu hodn\u011b ne\u0161\u0165astn\u00e1. Cht\u011bla jsem ji samoz\u0159ejm\u011b poradit. J\u00e1 jsem tohle o\u00a0kamar\u00e1dce v\u016fbec nev\u011bd\u011bla, ale tu\u0161ila jsem to, proto\u017ee jsem st\u00e1le sl\u00fdchala, \u017ee ona u\u017e bych cht\u011bla m\u00edt d\u011bti. I\u00a0ten jej\u00ed b\u00fdval\u00fd partner, jej\u00ed sou\u010dasn\u00fd partner, ale bohu\u017eel se jim\u00a0to nepoda\u0159ilo. J\u00e1 jsem to u\u017e za\u010dala tu\u0161it p\u0159ed dv\u011bma\u00a0nebo t\u0159emi lety, ale necht\u011bla jsem nic \u0159\u00edkat, proto\u017ee v\u00edm, \u017ee je to velice choulostiv\u00e9 t\u00e9ma. Je bohu\u017eel hodn\u011b p\u00e1r\u016f, kte\u0159\u00ed se sna\u017e\u00ed o d\u00edt\u011b, ale neda\u0159\u00ed se to.\u00a0                                                                                                                                                                                                                                                                                                                                                                                        4\/5 - (5 votes)        "},{"@context":"https:\/\/schema.org\/","@type":"BreadcrumbList","itemListElement":[{"@type":"ListItem","position":1,"name":"D\u011bti a kamar\u00e1dka","item":"https:\/\/www.sbfas.cz\/deti-a-kamaradka\/#breadcrumbitem"}]}]