[{"@context":"https:\/\/schema.org\/","@type":"Article","@id":"https:\/\/www.sbfas.cz\/aby-deti-nezborily-dum\/#Article","mainEntityOfPage":"https:\/\/www.sbfas.cz\/aby-deti-nezborily-dum\/","headline":"Aby d\u011bti nezbo\u0159ily d\u016fm","name":"Aby d\u011bti nezbo\u0159ily d\u016fm","description":"Rozhodli jste se pro krok, kter\u00fd d\u011bti miluj\u00ed, ale pro rodi\u010de to mnohdy b\u00fdv\u00e1 ji\u017e o n\u011bco m\u00e9n\u011b radostn\u00fd z\u00e1\u017eitek? Rozhodli jste<p class=\"link-more\"><a class=\"myButt \" href=\"https:\/\/www.sbfas.cz\/aby-deti-nezborily-dum\/\">Read More<\/a><\/p>","datePublished":"2023-05-28","dateModified":"2024-06-04","author":{"@type":"Person","@id":"https:\/\/www.sbfas.cz\/author\/#Person","name":"","url":"https:\/\/www.sbfas.cz\/author\/","identifier":1,"image":{"@type":"ImageObject","@id":"https:\/\/secure.gravatar.com\/avatar\/34ced1804fd555c2760b3a913ad8d5a4b855e207e462786ab4875bf17a1c516e?s=96&d=mm&r=g","url":"https:\/\/secure.gravatar.com\/avatar\/34ced1804fd555c2760b3a913ad8d5a4b855e207e462786ab4875bf17a1c516e?s=96&d=mm&r=g","height":96,"width":96}},"publisher":{"@type":"Organization","name":"sbfas.cz","logo":{"@type":"ImageObject","@id":"\/logo.png","url":"\/logo.png","width":600,"height":60}},"url":"https:\/\/www.sbfas.cz\/aby-deti-nezborily-dum\/","wordCount":243,"articleBody":"Rozhodli jste se pro krok, kter\u00fd d\u011bti miluj\u00ed, ale pro rodi\u010de to mnohdy b\u00fdv\u00e1 ji\u017e o n\u011bco m\u00e9n\u011b radostn\u00fd z\u00e1\u017eitek? Rozhodli jste se, \u017ee letos na oslavu narozenin Va\u0161eho potomka pozvete jeho kamar\u00e1dy ze \u0161kolky? Rozhodli jste se, \u017ee letos uspo\u0159\u00e1d\u00e1te Va\u0161emu mal\u00e9mu oslavenci oslavu ve velk\u00e9m stylu, takovou, na kterou nezapomene? Boj\u00edte se, jak v\u0161e zvl\u00e1dnete? Boj\u00edte se nejen p\u0159\u00edpravy j\u00eddla, m\u00e1te obavy p\u0159edev\u0161\u00edm o to, jak se d\u011bti zabav\u00ed? Sta\u010d\u00ed jen pozvat krom\u011b d\u011bt\u00ed je\u0161t\u011b jednoho spr\u00e1vn\u00e9ho hosta, kter\u00fdm je kouzeln\u00edk \u2013 FB. Najd\u011bte si t\u0159eba pr\u00e1v\u011b na soci\u00e1ln\u00ed s\u00edti \u0159adu fotografi\u00ed z jeho \u010detn\u00fdch vystoupen\u00ed, rozesm\u00e1t\u00e9 d\u011btsk\u00e9 tv\u00e1\u0159e V\u00e1m budou dostate\u010dnou garanc\u00ed, \u017ee V\u00e1\u0161 d\u016fm z\u016fstane st\u00e1t ve sv\u00fdch z\u00e1kladech.Dop\u0159ejte jim z\u00e1bavuJe v\u0161ak t\u0159eba je spr\u00e1vn\u011b zaujmout, nab\u00eddnout jim n\u011bco, co je opravdu chytne. A v tom je pr\u00e1v\u011b Martin skute\u010dn\u00fd odborn\u00edk. Pro men\u0161\u00ed d\u011bti m\u00e1 p\u0159ipraven\u00e1 kouzla s bal\u00f3nky, pro v\u011bt\u0161\u00ed je p\u0159ipraveno p\u0159edstaven\u00ed, kter\u00e9ho se budou moci d\u011bti i samy z\u00fa\u010dastnit. V\u011bzte, \u017ee se nudit nebudou a V\u00e1m zbude je\u0161t\u011b klidn\u00e1 chvilka na k\u00e1vu s rodi\u010di.                                                                                                                                                                                                                                                                                                                                                                                        4\/5 - (6 votes)        "},{"@context":"https:\/\/schema.org\/","@type":"BreadcrumbList","itemListElement":[{"@type":"ListItem","position":1,"name":"Aby d\u011bti nezbo\u0159ily d\u016fm","item":"https:\/\/www.sbfas.cz\/aby-deti-nezborily-dum\/#breadcrumbitem"}]}]