[{"@context":"https:\/\/schema.org\/","@type":"Blog","@id":"https:\/\/www.sbfas.cz#Blog","headline":"Sbfas","description":"\nWeby nab\u00edzej\u00ed na internetu r\u016fzn\u00fdm lidem r\u016fzn\u00e9 z\u00e1le\u017eitosti. A tento web se sna\u017e\u00ed b\u00fdt lidem dobr\u00fdm nebo je\u0161t\u011b l\u00e9pe p\u0159\u00edmo neoceniteln\u00fdm pomocn\u00edkem.","url":"https:\/\/www.sbfas.cz","hasPart":[{"@type":"Article","@id":"https:\/\/www.sbfas.cz\/instalatersky-havarijni-servis-zasahuje-i-u-ucpaneho-odpadu-a-kanalizace\/","headline":"Instalat\u00e9rsk\u00fd havarijn\u00ed servis zasahuje i u ucpan\u00e9ho odpadu a kanalizace","url":"https:\/\/www.sbfas.cz\/instalatersky-havarijni-servis-zasahuje-i-u-ucpaneho-odpadu-a-kanalizace\/","datePublished":"2025-11-07","dateModified":"2025-11-07","mainEntityOfPage":"https:\/\/www.sbfas.cz\/instalatersky-havarijni-servis-zasahuje-i-u-ucpaneho-odpadu-a-kanalizace\/","author":{"@type":"Person","@id":"https:\/\/www.sbfas.cz\/author\/#Person","name":"","url":"https:\/\/www.sbfas.cz\/author\/","identifier":1,"image":{"@type":"ImageObject","@id":"https:\/\/secure.gravatar.com\/avatar\/34ced1804fd555c2760b3a913ad8d5a4b855e207e462786ab4875bf17a1c516e?s=96&d=mm&r=g","url":"https:\/\/secure.gravatar.com\/avatar\/34ced1804fd555c2760b3a913ad8d5a4b855e207e462786ab4875bf17a1c516e?s=96&d=mm&r=g","height":96,"width":96}},"publisher":{"@type":"Organization","name":"sbfas.cz","logo":{"@type":"ImageObject","@id":"\/logo.png","url":"\/logo.png","width":600,"height":60}},"image":{"@type":"ImageObject","@id":"https:\/\/www.sbfas.cz\/wp-content\/uploads\/loo-3301142_640.jpg","url":"https:\/\/www.sbfas.cz\/wp-content\/uploads\/loo-3301142_640.jpg","height":0,"width":0},"wordCount":649,"keywords":null},{"@type":"Article","@id":"https:\/\/www.sbfas.cz\/neprehltme-nase-deti\/","headline":"Nep\u0159ehl\u0165me na\u0161e d\u011bti","url":"https:\/\/www.sbfas.cz\/neprehltme-nase-deti\/","datePublished":"2025-09-29","dateModified":"2025-09-29","mainEntityOfPage":"https:\/\/www.sbfas.cz\/neprehltme-nase-deti\/","author":{"@type":"Person","@id":"https:\/\/www.sbfas.cz\/author\/#Person","name":"","url":"https:\/\/www.sbfas.cz\/author\/","identifier":1,"image":{"@type":"ImageObject","@id":"https:\/\/secure.gravatar.com\/avatar\/34ced1804fd555c2760b3a913ad8d5a4b855e207e462786ab4875bf17a1c516e?s=96&d=mm&r=g","url":"https:\/\/secure.gravatar.com\/avatar\/34ced1804fd555c2760b3a913ad8d5a4b855e207e462786ab4875bf17a1c516e?s=96&d=mm&r=g","height":96,"width":96}},"publisher":{"@type":"Organization","name":"sbfas.cz","logo":{"@type":"ImageObject","@id":"\/logo.png","url":"\/logo.png","width":600,"height":60}},"image":{"@type":"ImageObject","@id":"https:\/\/www.sbfas.cz\/wp-content\/uploads\/art277789_3x2_20260611_150819_JYEiFe.jpg","url":"https:\/\/www.sbfas.cz\/wp-content\/uploads\/art277789_3x2_20260611_150819_JYEiFe.jpg","height":0,"width":0},"wordCount":546,"keywords":null},{"@type":"Article","@id":"https:\/\/www.sbfas.cz\/rady-ktere-vam-mohou-pomoc-vydelavat\/","headline":"Rady, kter\u00e9 V\u00e1m mohou pomoc vyd\u011bl\u00e1vat","url":"https:\/\/www.sbfas.cz\/rady-ktere-vam-mohou-pomoc-vydelavat\/","datePublished":"2025-09-03","dateModified":"2025-09-03","mainEntityOfPage":"https:\/\/www.sbfas.cz\/rady-ktere-vam-mohou-pomoc-vydelavat\/","author":{"@type":"Person","@id":"https:\/\/www.sbfas.cz\/author\/#Person","name":"","url":"https:\/\/www.sbfas.cz\/author\/","identifier":1,"image":{"@type":"ImageObject","@id":"https:\/\/secure.gravatar.com\/avatar\/34ced1804fd555c2760b3a913ad8d5a4b855e207e462786ab4875bf17a1c516e?s=96&d=mm&r=g","url":"https:\/\/secure.gravatar.com\/avatar\/34ced1804fd555c2760b3a913ad8d5a4b855e207e462786ab4875bf17a1c516e?s=96&d=mm&r=g","height":96,"width":96}},"publisher":{"@type":"Organization","name":"sbfas.cz","logo":{"@type":"ImageObject","@id":"\/logo.png","url":"\/logo.png","width":600,"height":60}},"image":null,"wordCount":213,"keywords":null},{"@type":"Article","@id":"https:\/\/www.sbfas.cz\/pro-vsechny-milovniky-caju\/","headline":"Pro v\u0161echny milovn\u00edky \u010daj\u016f","url":"https:\/\/www.sbfas.cz\/pro-vsechny-milovniky-caju\/","datePublished":"2025-08-27","dateModified":"2025-08-27","mainEntityOfPage":"https:\/\/www.sbfas.cz\/pro-vsechny-milovniky-caju\/","author":{"@type":"Person","@id":"https:\/\/www.sbfas.cz\/author\/#Person","name":"","url":"https:\/\/www.sbfas.cz\/author\/","identifier":1,"image":{"@type":"ImageObject","@id":"https:\/\/secure.gravatar.com\/avatar\/34ced1804fd555c2760b3a913ad8d5a4b855e207e462786ab4875bf17a1c516e?s=96&d=mm&r=g","url":"https:\/\/secure.gravatar.com\/avatar\/34ced1804fd555c2760b3a913ad8d5a4b855e207e462786ab4875bf17a1c516e?s=96&d=mm&r=g","height":96,"width":96}},"publisher":{"@type":"Organization","name":"sbfas.cz","logo":{"@type":"ImageObject","@id":"\/logo.png","url":"\/logo.png","width":600,"height":60}},"image":null,"wordCount":293,"keywords":null},{"@type":"Article","@id":"https:\/\/www.sbfas.cz\/prazdne-plaze-a-raj-pro-telo-i-dusi\/","headline":"Pr\u00e1zdn\u00e9 pl\u00e1\u017ee a r\u00e1j pro t\u011blo i du\u0161i","url":"https:\/\/www.sbfas.cz\/prazdne-plaze-a-raj-pro-telo-i-dusi\/","datePublished":"2025-08-22","dateModified":"2025-08-22","mainEntityOfPage":"https:\/\/www.sbfas.cz\/prazdne-plaze-a-raj-pro-telo-i-dusi\/","author":{"@type":"Person","@id":"https:\/\/www.sbfas.cz\/author\/#Person","name":"","url":"https:\/\/www.sbfas.cz\/author\/","identifier":1,"image":{"@type":"ImageObject","@id":"https:\/\/secure.gravatar.com\/avatar\/34ced1804fd555c2760b3a913ad8d5a4b855e207e462786ab4875bf17a1c516e?s=96&d=mm&r=g","url":"https:\/\/secure.gravatar.com\/avatar\/34ced1804fd555c2760b3a913ad8d5a4b855e207e462786ab4875bf17a1c516e?s=96&d=mm&r=g","height":96,"width":96}},"publisher":{"@type":"Organization","name":"sbfas.cz","logo":{"@type":"ImageObject","@id":"\/logo.png","url":"\/logo.png","width":600,"height":60}},"image":{"@type":"ImageObject","@id":"https:\/\/www.sbfas.cz\/wp-content\/uploads\/art286088_4x3_20260822_142031_n096pf.jpg","url":"https:\/\/www.sbfas.cz\/wp-content\/uploads\/art286088_4x3_20260822_142031_n096pf.jpg","height":0,"width":0},"wordCount":507,"keywords":null},{"@type":"Article","@id":"https:\/\/www.sbfas.cz\/do-bytu-i-do-domu\/","headline":"Do bytu i do domu","url":"https:\/\/www.sbfas.cz\/do-bytu-i-do-domu\/","datePublished":"2025-08-21","dateModified":"2025-08-21","mainEntityOfPage":"https:\/\/www.sbfas.cz\/do-bytu-i-do-domu\/","author":{"@type":"Person","@id":"https:\/\/www.sbfas.cz\/author\/#Person","name":"","url":"https:\/\/www.sbfas.cz\/author\/","identifier":1,"image":{"@type":"ImageObject","@id":"https:\/\/secure.gravatar.com\/avatar\/34ced1804fd555c2760b3a913ad8d5a4b855e207e462786ab4875bf17a1c516e?s=96&d=mm&r=g","url":"https:\/\/secure.gravatar.com\/avatar\/34ced1804fd555c2760b3a913ad8d5a4b855e207e462786ab4875bf17a1c516e?s=96&d=mm&r=g","height":96,"width":96}},"publisher":{"@type":"Organization","name":"sbfas.cz","logo":{"@type":"ImageObject","@id":"\/logo.png","url":"\/logo.png","width":600,"height":60}},"image":null,"wordCount":244,"keywords":null},{"@type":"Article","@id":"https:\/\/www.sbfas.cz\/usetrete-a-to-nemale-penize\/","headline":"U\u0161et\u0159ete a to nemal\u00e9 pen\u00edze","url":"https:\/\/www.sbfas.cz\/usetrete-a-to-nemale-penize\/","datePublished":"2025-08-15","dateModified":"2025-08-15","mainEntityOfPage":"https:\/\/www.sbfas.cz\/usetrete-a-to-nemale-penize\/","author":{"@type":"Person","@id":"https:\/\/www.sbfas.cz\/author\/#Person","name":"","url":"https:\/\/www.sbfas.cz\/author\/","identifier":1,"image":{"@type":"ImageObject","@id":"https:\/\/secure.gravatar.com\/avatar\/34ced1804fd555c2760b3a913ad8d5a4b855e207e462786ab4875bf17a1c516e?s=96&d=mm&r=g","url":"https:\/\/secure.gravatar.com\/avatar\/34ced1804fd555c2760b3a913ad8d5a4b855e207e462786ab4875bf17a1c516e?s=96&d=mm&r=g","height":96,"width":96}},"publisher":{"@type":"Organization","name":"sbfas.cz","logo":{"@type":"ImageObject","@id":"\/logo.png","url":"\/logo.png","width":600,"height":60}},"image":null,"wordCount":212,"keywords":null},{"@type":"Article","@id":"https:\/\/www.sbfas.cz\/obleceni-podle-vas\/","headline":"Oble\u010den\u00ed podle v\u00e1s","url":"https:\/\/www.sbfas.cz\/obleceni-podle-vas\/","datePublished":"2025-08-08","dateModified":"2025-08-08","mainEntityOfPage":"https:\/\/www.sbfas.cz\/obleceni-podle-vas\/","author":{"@type":"Person","@id":"https:\/\/www.sbfas.cz\/author\/#Person","name":"","url":"https:\/\/www.sbfas.cz\/author\/","identifier":1,"image":{"@type":"ImageObject","@id":"https:\/\/secure.gravatar.com\/avatar\/34ced1804fd555c2760b3a913ad8d5a4b855e207e462786ab4875bf17a1c516e?s=96&d=mm&r=g","url":"https:\/\/secure.gravatar.com\/avatar\/34ced1804fd555c2760b3a913ad8d5a4b855e207e462786ab4875bf17a1c516e?s=96&d=mm&r=g","height":96,"width":96}},"publisher":{"@type":"Organization","name":"sbfas.cz","logo":{"@type":"ImageObject","@id":"\/logo.png","url":"\/logo.png","width":600,"height":60}},"image":null,"wordCount":213,"keywords":null},{"@type":"Article","@id":"https:\/\/www.sbfas.cz\/perfektni-sperk-do-ouska\/","headline":"Perfektn\u00ed \u0161perk do ou\u0161ka","url":"https:\/\/www.sbfas.cz\/perfektni-sperk-do-ouska\/","datePublished":"2025-08-01","dateModified":"2025-08-01","mainEntityOfPage":"https:\/\/www.sbfas.cz\/perfektni-sperk-do-ouska\/","author":{"@type":"Person","@id":"https:\/\/www.sbfas.cz\/author\/#Person","name":"","url":"https:\/\/www.sbfas.cz\/author\/","identifier":1,"image":{"@type":"ImageObject","@id":"https:\/\/secure.gravatar.com\/avatar\/34ced1804fd555c2760b3a913ad8d5a4b855e207e462786ab4875bf17a1c516e?s=96&d=mm&r=g","url":"https:\/\/secure.gravatar.com\/avatar\/34ced1804fd555c2760b3a913ad8d5a4b855e207e462786ab4875bf17a1c516e?s=96&d=mm&r=g","height":96,"width":96}},"publisher":{"@type":"Organization","name":"sbfas.cz","logo":{"@type":"ImageObject","@id":"\/logo.png","url":"\/logo.png","width":600,"height":60}},"image":null,"wordCount":220,"keywords":null},{"@type":"Article","@id":"https:\/\/www.sbfas.cz\/ty-nejkrasnejsi-koberce-z-orientu\/","headline":"Ty nejkr\u00e1sn\u011bj\u0161\u00ed koberce z Orientu","url":"https:\/\/www.sbfas.cz\/ty-nejkrasnejsi-koberce-z-orientu\/","datePublished":"2025-07-27","dateModified":"2025-07-27","mainEntityOfPage":"https:\/\/www.sbfas.cz\/ty-nejkrasnejsi-koberce-z-orientu\/","author":{"@type":"Person","@id":"https:\/\/www.sbfas.cz\/author\/#Person","name":"","url":"https:\/\/www.sbfas.cz\/author\/","identifier":1,"image":{"@type":"ImageObject","@id":"https:\/\/secure.gravatar.com\/avatar\/34ced1804fd555c2760b3a913ad8d5a4b855e207e462786ab4875bf17a1c516e?s=96&d=mm&r=g","url":"https:\/\/secure.gravatar.com\/avatar\/34ced1804fd555c2760b3a913ad8d5a4b855e207e462786ab4875bf17a1c516e?s=96&d=mm&r=g","height":96,"width":96}},"publisher":{"@type":"Organization","name":"sbfas.cz","logo":{"@type":"ImageObject","@id":"\/logo.png","url":"\/logo.png","width":600,"height":60}},"image":null,"wordCount":283,"keywords":null}]},{"@context":"https:\/\/schema.org","@type":"WebSite","@id":"https:\/\/www.sbfas.cz\/#website","name":"Sbfas","url":"https:\/\/www.sbfas.cz","potentialAction":{"@type":"SearchAction","target":"https:\/\/www.sbfas.cz\/?s={search_term_string}","query-input":"required name=search_term_string"}}]